{"id":3851,"date":"2025-12-08T09:14:56","date_gmt":"2025-12-08T07:14:56","guid":{"rendered":"https:\/\/www.emsalo.fi\/?p=3851"},"modified":"2025-12-08T09:14:56","modified_gmt":"2025-12-08T07:14:56","slug":"irina-hoyer-viitala-on-vuoden-emasalolainen-elama-on-sita-varten-etta-opitaan-ja-koetaan","status":"publish","type":"post","link":"https:\/\/www.emsalo.fi\/fi\/2025\/12\/08\/irina-hoyer-viitala-on-vuoden-emasalolainen-elama-on-sita-varten-etta-opitaan-ja-koetaan\/","title":{"rendered":"Irina Hoyer-Viitala on Vuoden Em\u00e4salolainen: &#8221;El\u00e4m\u00e4 on sit\u00e4 varten, ett\u00e4 opitaan ja koetaan&#8221;"},"content":{"rendered":"<div id=\"attachment_3857\" style=\"width: 310px\" class=\"wp-caption alignnone\"><a href=\"https:\/\/www.emsalo.fi\/wp-content\/uploads\/sites\/10\/2025\/12\/IMG_9256.jpeg\"><img loading=\"lazy\" decoding=\"async\" aria-describedby=\"caption-attachment-3857\" class=\"size-medium wp-image-3857\" src=\"https:\/\/www.emsalo.fi\/wp-content\/uploads\/sites\/10\/2025\/12\/IMG_9256-300x225.jpeg\" alt=\"\" width=\"300\" height=\"225\" data-id=\"3857\" srcset=\"https:\/\/www.emsalo.fi\/wp-content\/uploads\/sites\/10\/2025\/12\/IMG_9256-300x225.jpeg 300w, https:\/\/www.emsalo.fi\/wp-content\/uploads\/sites\/10\/2025\/12\/IMG_9256-1024x768.jpeg 1024w, https:\/\/www.emsalo.fi\/wp-content\/uploads\/sites\/10\/2025\/12\/IMG_9256-768x576.jpeg 768w, https:\/\/www.emsalo.fi\/wp-content\/uploads\/sites\/10\/2025\/12\/IMG_9256-1536x1152.jpeg 1536w, https:\/\/www.emsalo.fi\/wp-content\/uploads\/sites\/10\/2025\/12\/IMG_9256-2048x1536.jpeg 2048w\" sizes=\"auto, (max-width: 300px) 100vw, 300px\" \/><\/a><p id=\"caption-attachment-3857\" class=\"wp-caption-text\">Kauppiasty\u00f6ss\u00e4 Irina on todennut, ett\u00e4 vanha sananlasku: &#8221;ty\u00f6 tekij\u00e4ns\u00e4 opettaa&#8221; todellakin pit\u00e4\u00e4 paikkansa.<\/p><\/div>\n<p><strong>Irina Hoyer-Viitala on valittu Vuoden Em\u00e4salolaiseksi kymmenen Byabodenissa vietetyn kauppiasvuoden j\u00e4lkeen. H\u00e4n j\u00e4tt\u00e4\u00e4 ty\u00f6ns\u00e4, muttei saarta, jonka h\u00e4n sanoo opettaneen h\u00e4nelle enemm\u00e4n ihmisen hyvyydest\u00e4 kuin mik\u00e4\u00e4n muu paikka.<\/strong><\/p>\n<p><span style=\"font-weight: 400\">Kun Irina Hoyer-Viitala puhuu Em\u00e4salosta, h\u00e4n pys\u00e4htyy usein.\u00a0<\/span><\/p>\n<p><span style=\"font-weight: 400\">\u2013 Ihmiset ja se sis\u00e4lt\u00f6, jota t\u00e4m\u00e4 ty\u00f6 on tuonut, ovat se, mit\u00e4 tulen kaipaamaan eniten. T\u00e4st\u00e4 on tullut kuin suuri perhe, h\u00e4n sanoo. <\/span><b>Victoria<\/b><span style=\"font-weight: 400\">, <\/span><b>Merja<\/b><span style=\"font-weight: 400\">, <\/span><b>Brenda<\/b><span style=\"font-weight: 400\"> ja kaikki asiakkaat \u2013 toinen toistaan ihanampia.<\/span><\/p>\n<p><span style=\"font-weight: 400\">Vuodet kauppiaana h\u00e4n kuvaa el\u00e4m\u00e4ns\u00e4 odottamattomaksi lahjaksi. H\u00e4n on vaihtanut alaa monta kertaa, \u201dsill\u00e4 el\u00e4m\u00e4 on tarkoitettu oppimiseen ja kokemiseen\u201d, mutta kaupan ty\u00f6 yll\u00e4tti h\u00e4net silti.<\/span><\/p>\n<p><span style=\"font-weight: 400\">\u2013 Ty\u00f6 on niin vaihtelevaa. Se on niin hauskaa, ettei minua meinaa saada t\u00e4\u00e4lt\u00e4 illalla pois. Ja ihmisten pyyteett\u00f6myys on aivan mielet\u00f6nt\u00e4.<\/span><\/p>\n<h3><b>Muutos, joka ei koskaan pelottanut, sill\u00e4 ty\u00f6 tekij\u00e4ns\u00e4 opettaa<\/b><\/h3>\n<p><span style=\"font-weight: 400\">Maailmassa, jossa moni arkailee uutta, l\u00f6ysi Irina p\u00e4invastoin rohkeutta.<\/span><\/p>\n<p><span style=\"font-weight: 400\">\u2013 En ole koskaan pel\u00e4nnyt t\u00e4\u00e4ll\u00e4. T\u00e4m\u00e4 on niin inhimillinen paikka. Tehd\u00e4\u00e4n se, mit\u00e4 osataan, ja loput opitaan. Ihmiset ovat avoimia ja ihanan ymm\u00e4rt\u00e4v\u00e4isi\u00e4.<\/span><\/p>\n<p><span style=\"font-weight: 400\">Yksi uran vaikeimmista hetkist\u00e4 tuli jo varhain: koko kaupan kassa varastettiin.<\/span><\/p>\n<p><span style=\"font-weight: 400\">\u2013 Min\u00e4, joka aina uskon ihmisist\u00e4 hyv\u00e4\u00e4, menetin hetkeksi uskoni. Tuntui kuin pohja olisi pudonnut.<\/span><\/p>\n<p><span style=\"font-weight: 400\">Mutta kyl\u00e4l\u00e4iset ker\u00e4siv\u00e4t rahaa ja pelastivat toiminnan.<\/span><\/p>\n<p><span style=\"font-weight: 400\">\u2013 Se oli uskomattoman kaunista. Heid\u00e4n ansiostaan sain uskoni ihmisen hyvyyteen takaisin.<\/span><\/p>\n<h3><b>Py\u00f6re\u00e4n p\u00f6yd\u00e4n taika<\/b><\/h3>\n<p><span style=\"font-weight: 400\">Irinan lempipaikka on kahvinurkkauksen py\u00f6re\u00e4n p\u00f6yd\u00e4n \u00e4\u00e4rell\u00e4.<\/span><\/p>\n<p><span style=\"font-weight: 400\">\u2013 Olen todistanut siell\u00e4 mit\u00e4 kiehtovimpia keskusteluja. Py\u00f6re\u00e4n p\u00f6yd\u00e4n \u00e4\u00e4ress\u00e4 kaikki ovat tasavertaisia. Ei koskaan tied\u00e4, kuka tulee ovesta sis\u00e4\u00e4n ja saa keskustelun k\u00e4\u00e4ntym\u00e4\u00e4n uuteen suuntaan.<\/span><\/p>\n<p><span style=\"font-weight: 400\">Vuodenvaihteen j\u00e4lkeen h\u00e4n istunee siell\u00e4 itse tuntikausia keskustelemassa \u2013 ensimm\u00e4ist\u00e4 kertaa ilman kiirett\u00e4.<\/span><\/p>\n<p><span style=\"font-weight: 400\">\u2013 <strong>Malin<\/strong> (Jalkanen) saa kai h\u00e4tistell\u00e4 minut pois sitten, kun h\u00e4nen mielest\u00e4\u00e4n olen istunut tarpeeksi pitk\u00e4\u00e4n, Irina nauraa.<\/span><\/p>\n<h3><b>Nuten ennustus toteutuu, kun odottamaton rakkaus astuu ovesta sis\u00e4\u00e4n<\/b><\/h3>\n<p><span style=\"font-weight: 400\">Ja er\u00e4\u00e4n\u00e4 p\u00e4iv\u00e4n\u00e4 <strong>Teuvo<\/strong>, Irinan ik\u00e4toveri, astuu Byabodeniin. He istahtavat alas, aloittavat keskustelun, joka nopeasti syvenee k\u00e4sittelem\u00e4\u00e4n el\u00e4m\u00e4n tarkoitusta \u2013 ja yht\u00e4kki\u00e4 he ovat pari.<\/span><\/p>\n<p><span style=\"font-weight: 400\">Irina oli luvannut itselleen miehett\u00f6m\u00e4n el\u00e4m\u00e4n kahdenkymmenen yksin vietetyn vuoden j\u00e4lkeen.<\/span><\/p>\n<p><span style=\"font-weight: 400\">\u2013 Olen p\u00e4rj\u00e4nnyt mainiosti. Hakkaan omat puuni ja korjaan talon itse. Kaikki hoituu. Mihin min\u00e4 miest\u00e4 tarvitsisin?<\/span><\/p>\n<p><span style=\"font-weight: 400\">Mutta vanha yst\u00e4v\u00e4, <\/span><b>Nutte<\/b><span style=\"font-weight: 400\"> (<\/span><b>Roger \u00d6hman<\/b><span style=\"font-weight: 400\">), oli n\u00e4hnyt jotain, mit\u00e4 Irina ei viel\u00e4 tajunnut. \u201d\u00c4l\u00e4 kuvittele, ett\u00e4 voit v\u00e4ltty\u00e4 silt\u00e4. Kyll\u00e4 el\u00e4m\u00e4\u00e4si viel\u00e4 ilmestyy mies, joka vie sinulta jalat alta.\u201d\u00a0<\/span><\/p>\n<p><span style=\"font-weight: 400\">Teuvo, joka oli menett\u00e4nyt vaimonsa pitk\u00e4n ja onnellisen avioliiton j\u00e4lkeen, ei h\u00e4nk\u00e4\u00e4n ollut suunnitellut uutta suhdetta. Mutta py\u00f6re\u00e4n p\u00f6yd\u00e4n \u00e4\u00e4ress\u00e4 heill\u00e4 ei ollut valinnanvaraa.<\/span><\/p>\n<p><span style=\"font-weight: 400\">\u2013 Se vain sanoi poks ja me olimme pari, Irina kertoo ja loistaa tavallista enemm\u00e4n \u2013 niin kuin vastarakastuneet loistavat.<\/span><\/p>\n<p><span style=\"font-weight: 400\">Saari sai Vuoden Emsalolaisensa \u2013 ja Irina jotain viel\u00e4 suurempaa. Yhteis\u00f6n ja rakkauden, joka astui ovesta sis\u00e4\u00e4n juuri silloin, kun h\u00e4n sit\u00e4 v\u00e4hiten odotti.<\/span><\/p>\n<p><strong>Irinan viimeinen ty\u00f6p\u00e4iv\u00e4 Byabodenissa on 24.12.2025.<\/strong><\/p>\n<div id=\"attachment_3862\" style=\"width: 310px\" class=\"wp-caption alignnone\"><a href=\"https:\/\/www.emsalo.fi\/wp-content\/uploads\/sites\/10\/2025\/12\/IMG_9411.jpeg\"><img loading=\"lazy\" decoding=\"async\" aria-describedby=\"caption-attachment-3862\" class=\"wp-image-3862 size-medium\" src=\"https:\/\/www.emsalo.fi\/wp-content\/uploads\/sites\/10\/2025\/12\/IMG_9411-300x225.jpeg\" alt=\"\" width=\"300\" height=\"225\" data-id=\"3862\" srcset=\"https:\/\/www.emsalo.fi\/wp-content\/uploads\/sites\/10\/2025\/12\/IMG_9411-300x225.jpeg 300w, https:\/\/www.emsalo.fi\/wp-content\/uploads\/sites\/10\/2025\/12\/IMG_9411-1024x768.jpeg 1024w, https:\/\/www.emsalo.fi\/wp-content\/uploads\/sites\/10\/2025\/12\/IMG_9411-768x576.jpeg 768w, https:\/\/www.emsalo.fi\/wp-content\/uploads\/sites\/10\/2025\/12\/IMG_9411-1536x1152.jpeg 1536w, https:\/\/www.emsalo.fi\/wp-content\/uploads\/sites\/10\/2025\/12\/IMG_9411-2048x1536.jpeg 2048w\" sizes=\"auto, (max-width: 300px) 100vw, 300px\" \/><\/a><p id=\"caption-attachment-3862\" class=\"wp-caption-text\">Em\u00e4salon Kyl\u00e4yhdistys palkitsee Irinan kukilla ja samppanjapullolla.<\/p><\/div>\n<p><span style=\"font-weight: 400\">Vuoden Em\u00e4salolainen on ihminen, joka syd\u00e4mell\u00e4\u00e4n, tahdollaan ja viisaudellaan on antanut Em\u00e4salolaisille tavallista enemm\u00e4n. H\u00e4n on uhrauksillaan, huomaavaisuudellaan ja aloitteellisuudellaan mennyt aina askeleen pidemm\u00e4lle \u2013 ei vain auttaakseen, vaan todella tehd\u00e4kseen eron tavanomaiseen.<\/span><\/p>\n<p><span style=\"font-weight: 400\">T\u00e4m\u00e4 ihminen on omalla panoksellaan vahvistanut yhteis\u00f6llisyytt\u00e4 k\u00e4yt\u00e4nn\u00f6ss\u00e4 ja tehnyt aina sen pienen ylim\u00e4\u00e4r\u00e4isen, mik\u00e4 on aina ylitt\u00e4nyt kaikki odotukset. Jos me kaikki seuraamme h\u00e4nen esimerkki\u00e4\u00e4n toisistamme v\u00e4litt\u00e4misess\u00e4, meill\u00e4 on niin saarena kuin ihmisin\u00e4kin valoisa tulevaisuus edess\u00e4mme.<\/span><\/p>\n<div id=\"attachment_3864\" style=\"width: 310px\" class=\"wp-caption alignnone\"><a href=\"https:\/\/www.emsalo.fi\/wp-content\/uploads\/sites\/10\/2025\/12\/IMG_9405-1.jpeg\"><img loading=\"lazy\" decoding=\"async\" aria-describedby=\"caption-attachment-3864\" class=\"size-medium wp-image-3864\" src=\"https:\/\/www.emsalo.fi\/wp-content\/uploads\/sites\/10\/2025\/12\/IMG_9405-1-300x225.jpeg\" alt=\"\" width=\"300\" height=\"225\" data-id=\"3864\" srcset=\"https:\/\/www.emsalo.fi\/wp-content\/uploads\/sites\/10\/2025\/12\/IMG_9405-1-300x225.jpeg 300w, https:\/\/www.emsalo.fi\/wp-content\/uploads\/sites\/10\/2025\/12\/IMG_9405-1-1024x768.jpeg 1024w, https:\/\/www.emsalo.fi\/wp-content\/uploads\/sites\/10\/2025\/12\/IMG_9405-1-768x576.jpeg 768w, https:\/\/www.emsalo.fi\/wp-content\/uploads\/sites\/10\/2025\/12\/IMG_9405-1-1536x1152.jpeg 1536w, https:\/\/www.emsalo.fi\/wp-content\/uploads\/sites\/10\/2025\/12\/IMG_9405-1-2048x1536.jpeg 2048w\" sizes=\"auto, (max-width: 300px) 100vw, 300px\" \/><\/a><p id=\"caption-attachment-3864\" class=\"wp-caption-text\">Emsal\u00f6 Allmogef\u00f6reningen Jontte R\u00f6nnholm palkitsee Irina Hoyer-Viitalan.<\/p><\/div>\n","protected":false},"excerpt":{"rendered":"<p>Irina Hoyer-Viitala on valittu Vuoden Em\u00e4salolaiseksi kymmenen Byabodenissa vietetyn kauppiasvuoden j\u00e4lkeen. H\u00e4n j\u00e4tt\u00e4\u00e4 ty\u00f6ns\u00e4, muttei saarta, jonka h\u00e4n sanoo opettaneen h\u00e4nelle enemm\u00e4n ihmisen hyvyydest\u00e4 kuin mik\u00e4\u00e4n muu paikka. Kun Irina Hoyer-Viitala puhuu Em\u00e4salosta, h\u00e4n pys\u00e4htyy usein.\u00a0 \u2013 Ihmiset ja se sis\u00e4lt\u00f6, jota t\u00e4m\u00e4 ty\u00f6 on tuonut, ovat se, mit\u00e4 tulen kaipaamaan eniten. T\u00e4st\u00e4 on tullut [&hellip;]<\/p>\n","protected":false},"author":92,"featured_media":3864,"comment_status":"closed","ping_status":"closed","sticky":false,"template":"","format":"standard","meta":{"footnotes":""},"categories":[5],"tags":[31,121,124,126,123,122,125,120],"class_list":["post-3851","post","type-post","status-publish","format-standard","has-post-thumbnail","hentry","category-yleinen-fi","tag-emasalo","tag-emasalon-kylakauppa","tag-emsalo-allmogeforening","tag-irina-hoyer-viitala","tag-john-ronnholm","tag-kylalauppias","tag-puurojuhla","tag-vuoden-emasalolainen-2025"],"_links":{"self":[{"href":"https:\/\/www.emsalo.fi\/fi\/wp-json\/wp\/v2\/posts\/3851","targetHints":{"allow":["GET"]}}],"collection":[{"href":"https:\/\/www.emsalo.fi\/fi\/wp-json\/wp\/v2\/posts"}],"about":[{"href":"https:\/\/www.emsalo.fi\/fi\/wp-json\/wp\/v2\/types\/post"}],"author":[{"embeddable":true,"href":"https:\/\/www.emsalo.fi\/fi\/wp-json\/wp\/v2\/users\/92"}],"replies":[{"embeddable":true,"href":"https:\/\/www.emsalo.fi\/fi\/wp-json\/wp\/v2\/comments?post=3851"}],"version-history":[{"count":2,"href":"https:\/\/www.emsalo.fi\/fi\/wp-json\/wp\/v2\/posts\/3851\/revisions"}],"predecessor-version":[{"id":3868,"href":"https:\/\/www.emsalo.fi\/fi\/wp-json\/wp\/v2\/posts\/3851\/revisions\/3868"}],"wp:featuredmedia":[{"embeddable":true,"href":"https:\/\/www.emsalo.fi\/fi\/wp-json\/wp\/v2\/media\/3864"}],"wp:attachment":[{"href":"https:\/\/www.emsalo.fi\/fi\/wp-json\/wp\/v2\/media?parent=3851"}],"wp:term":[{"taxonomy":"category","embeddable":true,"href":"https:\/\/www.emsalo.fi\/fi\/wp-json\/wp\/v2\/categories?post=3851"},{"taxonomy":"post_tag","embeddable":true,"href":"https:\/\/www.emsalo.fi\/fi\/wp-json\/wp\/v2\/tags?post=3851"}],"curies":[{"name":"wp","href":"https:\/\/api.w.org\/{rel}","templated":true}]}}