{"id":4029,"date":"2026-08-31T15:51:31","date_gmt":"2026-08-31T12:51:31","guid":{"rendered":"https:\/\/www.emsalo.fi\/?p=4029"},"modified":"2026-08-31T15:51:31","modified_gmt":"2026-08-31T12:51:31","slug":"kokouspoukaman-tilalle-uusi-matkailuyritys","status":"publish","type":"post","link":"https:\/\/www.emsalo.fi\/fi\/2026\/08\/31\/kokouspoukaman-tilalle-uusi-matkailuyritys\/","title":{"rendered":"Kokouspoukaman tilalle uusi matkailuyritys"},"content":{"rendered":"<p><b>Konkurssiin ajautuneen Kokouspoukaman entinen kiinteist\u00f6 Em\u00e4salossa on saanut uuden omistajan. Juhansson Invest on ostanut Byvikeniss\u00e4 sijaitsevat maa-alueet ja rakennukset ja suunnittelee paikalle uutta matkailutoimintaa. Porvoolainen Johanna N\u00e4rhi saa hankkeessa keskeisen roolin.<\/b><\/p>\n<p><span style=\"font-weight: 400\">Pohjois-Em\u00e4salossa Byvikenin rannalla sijaitsevalle Kokouspoukaman entiselle kiinteist\u00f6lle on tarkoitus rakentaa uutta matkailutoimintaa. Juhansson Invest Oy on ostanut kiinteist\u00f6n, ja toimintaa kehitt\u00e4m\u00e4\u00e4n on perustettu uusi yhti\u00f6.<\/span><\/p>\n<p><span style=\"font-weight: 400\">Kauppa k\u00e4sitt\u00e4\u00e4 maa-alueet ja rakennukset, mutta ei Kokouspoukaman liiketoimintaa. Matkailuyritys Kokouspoukama asetettiin konkurssiin huhtikuussa 2026.<\/span><\/p>\n<p><span style=\"font-weight: 400\">Juhansson Investin taustalla on Juha Johansson, jolla on pitk\u00e4 kokemus kiinteist\u00f6kehityksest\u00e4. Yhti\u00f6idens\u00e4 kautta h\u00e4n on mukana my\u00f6s sipoolaisessa kombuchaa valmistavassa Brabe Oy:ssa.<\/span><\/p>\n<p><span style=\"font-weight: 400\">Johansson tuntee paikan entuudestaan sek\u00e4 asiakkaana ett\u00e4 kiinteist\u00f6alan ty\u00f6ns\u00e4 kautta.<\/span><\/p>\n<p><span style=\"font-weight: 400\">\u2013 Em\u00e4salon luonto, sijainti ja olemassa oleva infrastruktuuri tarjoavat erinomaisen pohjan uudelle matkailukonseptille. Haluamme rakentaa jotain kest\u00e4v\u00e4\u00e4 ja alueelle merkityksellist\u00e4, Johansson sanoo tiedotteessa.<\/span><\/p>\n<h2><b>Porvoolainen johtaa kehitysty\u00f6t\u00e4<\/b><\/h2>\n<p><span style=\"font-weight: 400\">Johanssonista tulee uuden yhti\u00f6n hallituksen puheenjohtaja. Liiketoimintajohtajaksi on nimitetty porvoolainen Johanna N\u00e4rhi, joka vastaa muun muassa strategisesta kehitt\u00e4misest\u00e4, markkinointiviestinn\u00e4st\u00e4, myynnist\u00e4 ja operatiivisen toiminnan k\u00e4ynnist\u00e4misest\u00e4.<\/span><\/p>\n<p><span style=\"font-weight: 400\">N\u00e4rhell\u00e4 on pitk\u00e4 kokemus matkailualalta Suomessa ja kansainv\u00e4lisesti, erityisesti ryhm\u00e4matkoista ja matkatoimistoliiketoiminnasta.<\/span><\/p>\n<p><span style=\"font-weight: 400\">H\u00e4n pit\u00e4\u00e4 saaristomilj\u00f6\u00f6t\u00e4 ja paikan historiaa uuden toiminnan t\u00e4rkein\u00e4 l\u00e4ht\u00f6kohtina.<\/span><\/p>\n<p><span style=\"font-weight: 400\">\u2013 Saaristo, aitous, vastuullisuus ja el\u00e4myksellisyys kuvaavat hyvin sijaintia ja paikan tarinaa. T\u00e4m\u00e4 paikka on ollut ja on edelleen t\u00e4rke\u00e4 monille \u2013 ja nyt alkaa uusi luku, N\u00e4rhi sanoo.<\/span><\/p>\n<p><span style=\"font-weight: 400\">My\u00f6s yhteys aiempaan toimintaan s\u00e4ilyy. Kokouspoukaman toimintaa aiemmin johtanut John \u201dJontte\u201d R\u00f6nnholm tulee mukaan uuden yrityksen operatiiviseen toimintaan.<\/span><\/p>\n<p><span style=\"font-weight: 400\">N\u00e4rhi haluaa lis\u00e4ksi kehitt\u00e4\u00e4 yhteisty\u00f6t\u00e4 muiden paikallisten toimijoiden kanssa. Tavoitteena on, ett\u00e4 Em\u00e4salon aluetta ja sen palveluja voitaisiin tuoda paremmin esille yhteisen markkinoinnin avulla.<\/span><\/p>\n<h2><b>Palveluja my\u00f6s yksitt\u00e4isille k\u00e4vij\u00f6ille<\/b><\/h2>\n<p><span style=\"font-weight: 400\">Uuden toiminnan on tarkoitus palvella sek\u00e4 ryhmi\u00e4 ett\u00e4 yksitt\u00e4isi\u00e4 asiakkaita. Palvelut tuotteistetaan ja tarjontaa selkeytet\u00e4\u00e4n.<\/span><\/p>\n<p><span style=\"font-weight: 400\">Uuden matkailukonseptin lopullinen sis\u00e4lt\u00f6 ei ole viel\u00e4 selvill\u00e4. Yrityksen nimi, toiminnan tarkempi suunta ja k\u00e4ynnistymisen aikataulu julkistetaan, kun yhti\u00f6rakenne on valmis.<\/span><\/p>\n<p><span style=\"font-weight: 400\">Kyse ei siis ole konkurssiin ajautuneen Kokouspoukaman toiminnan jatkamisesta uuden omistajan voimin. Juhansson Invest on ostanut kiinteist\u00f6n, ja tarkoituksena on rakentaa Byvikeniin uutta matkailutoimintaa.<\/span><\/p>\n","protected":false},"excerpt":{"rendered":"<p>Konkurssiin ajautuneen Kokouspoukaman entinen kiinteist\u00f6 Em\u00e4salossa on saanut uuden omistajan. Juhansson Invest on ostanut Byvikeniss\u00e4 sijaitsevat maa-alueet ja rakennukset ja suunnittelee paikalle uutta matkailutoimintaa. Porvoolainen Johanna N\u00e4rhi saa hankkeessa keskeisen roolin. Pohjois-Em\u00e4salossa Byvikenin rannalla sijaitsevalle Kokouspoukaman entiselle kiinteist\u00f6lle on tarkoitus rakentaa uutta matkailutoimintaa. Juhansson Invest Oy on ostanut kiinteist\u00f6n, ja toimintaa kehitt\u00e4m\u00e4\u00e4n on perustettu uusi [&hellip;]<\/p>\n","protected":false},"author":92,"featured_media":0,"comment_status":"closed","ping_status":"closed","sticky":false,"template":"","format":"standard","meta":{"footnotes":""},"categories":[5],"tags":[],"class_list":["post-4029","post","type-post","status-publish","format-standard","hentry","category-yleinen-fi"],"_links":{"self":[{"href":"https:\/\/www.emsalo.fi\/fi\/wp-json\/wp\/v2\/posts\/4029","targetHints":{"allow":["GET"]}}],"collection":[{"href":"https:\/\/www.emsalo.fi\/fi\/wp-json\/wp\/v2\/posts"}],"about":[{"href":"https:\/\/www.emsalo.fi\/fi\/wp-json\/wp\/v2\/types\/post"}],"author":[{"embeddable":true,"href":"https:\/\/www.emsalo.fi\/fi\/wp-json\/wp\/v2\/users\/92"}],"replies":[{"embeddable":true,"href":"https:\/\/www.emsalo.fi\/fi\/wp-json\/wp\/v2\/comments?post=4029"}],"version-history":[{"count":1,"href":"https:\/\/www.emsalo.fi\/fi\/wp-json\/wp\/v2\/posts\/4029\/revisions"}],"predecessor-version":[{"id":4030,"href":"https:\/\/www.emsalo.fi\/fi\/wp-json\/wp\/v2\/posts\/4029\/revisions\/4030"}],"wp:attachment":[{"href":"https:\/\/www.emsalo.fi\/fi\/wp-json\/wp\/v2\/media?parent=4029"}],"wp:term":[{"taxonomy":"category","embeddable":true,"href":"https:\/\/www.emsalo.fi\/fi\/wp-json\/wp\/v2\/categories?post=4029"},{"taxonomy":"post_tag","embeddable":true,"href":"https:\/\/www.emsalo.fi\/fi\/wp-json\/wp\/v2\/tags?post=4029"}],"curies":[{"name":"wp","href":"https:\/\/api.w.org\/{rel}","templated":true}]}}